{"id":28447,"date":"2026-04-29T15:57:47","date_gmt":"2026-04-29T15:57:47","guid":{"rendered":"https:\/\/inoener.pt\/?p=28447"},"modified":"2026-04-29T16:21:58","modified_gmt":"2026-04-29T16:21:58","slug":"energia-geopolitica-e-clima","status":"publish","type":"post","link":"https:\/\/inoener.pt\/pt\/energia-geopolitica-e-clima\/","title":{"rendered":"Energia, Geopol\u00edtica e Clima."},"content":{"rendered":"<h3 class=\"wp-block-heading\">Porque as empresas j\u00e1 n\u00e3o podem depender da rede.<\/h3>\n\n\n\n<p>O contexto energ\u00e9tico global mudou de forma estrutural.<\/p>\n\n\n\n<p>Altera\u00e7\u00f5es clim\u00e1ticas, instabilidade geopol\u00edtica e press\u00e3o sobre os sistemas el\u00e9tricos est\u00e3o a transformar a energia num fator cr\u00edtico para as empresas.<\/p>\n\n\n\n<p>Hoje, a energia j\u00e1 n\u00e3o \u00e9 apenas um custo operacional.<\/p>\n\n\n\n<p>\u00c9 uma vari\u00e1vel de risco, previsibilidade e competitividade.<\/p>\n\n\n\n<h3 class=\"wp-block-heading\">Geopol\u00edtica e volatilidade energ\u00e9tica<\/h3>\n\n\n\n<p>Nos \u00faltimos anos, o mercado energ\u00e9tico tornou-se cada vez mais dependente de fatores externos.<\/p>\n\n\n\n<p>Conflitos internacionais, decis\u00f5es estrat\u00e9gicas de pa\u00edses produtores e limita\u00e7\u00f5es no fornecimento de energia influenciam diretamente:<\/p>\n\n\n\n<ul class=\"wp-block-list\">\n<li>o pre\u00e7o do g\u00e1s natural<\/li>\n\n\n\n<li>o custo da eletricidade<\/li>\n\n\n\n<li>a estabilidade do mercado energ\u00e9tico<\/li>\n<\/ul>\n\n\n\n<p>Esta realidade trouxe uma mudan\u00e7a clara: os pre\u00e7os deixaram de ser previs\u00edveis.<\/p>\n\n\n\n<p>Para as empresas, isto significa maior dificuldade em planear custos e proteger margens.<\/p>\n\n\n\n<h3 class=\"wp-block-heading\">Altera\u00e7\u00f5es clim\u00e1ticas e press\u00e3o sobre o sistema energ\u00e9tico<\/h3>\n\n\n\n<p>As altera\u00e7\u00f5es clim\u00e1ticas est\u00e3o a ter um impacto direto na forma como a energia \u00e9 produzida e consumida.<\/p>\n\n\n\n<ul class=\"wp-block-list\">\n<li>ondas de calor aumentam o consumo em momentos cr\u00edticos<\/li>\n\n\n\n<li>secas reduzem a produ\u00e7\u00e3o hidroel\u00e9trica<\/li>\n\n\n\n<li>eventos extremos afetam infraestruturas energ\u00e9ticas<\/li>\n<\/ul>\n\n\n\n<p>Ao mesmo tempo, a integra\u00e7\u00e3o crescente de energias renov\u00e1veis, apesar de essencial, introduz maior variabilidade na produ\u00e7\u00e3o.<\/p>\n\n\n\n<p>O sistema torna-se mais sustent\u00e1vel.<\/p>\n\n\n\n<p>Mas tamb\u00e9m mais inst\u00e1vel.<\/p>\n\n\n\n<h2 class=\"wp-block-heading\">A realidade energ\u00e9tica em Portugal<\/h2>\n\n\n\n<p>Em Portugal, estes fatores globais refletem-se de forma direta no tecido empresarial.<\/p>\n\n\n\n<ul class=\"wp-block-list\">\n<li>forte depend\u00eancia do mercado europeu<\/li>\n\n\n\n<li>exposi\u00e7\u00e3o a varia\u00e7\u00f5es de pre\u00e7os externas<\/li>\n\n\n\n<li>press\u00e3o sobre a rede em per\u00edodos de maior consumo<\/li>\n\n\n\n<li>necessidade crescente de refor\u00e7o da infraestrutura<\/li>\n<\/ul>\n\n\n\n<p>Para as empresas, isto traduz-se em:<\/p>\n\n\n\n<ul class=\"wp-block-list\">\n<li>custos energ\u00e9ticos menos previs\u00edveis<\/li>\n\n\n\n<li>maior exposi\u00e7\u00e3o ao risco<\/li>\n\n\n\n<li>menor controlo sobre a energia utilizada<\/li>\n<\/ul>\n\n\n\n<h3 class=\"wp-block-heading\">O modelo atual deixou de ser suficiente<\/h3>\n\n\n\n<p>A maioria das empresas continua a operar num modelo passivo: consumir energia fornecida por terceiros.<\/p>\n\n\n\n<p>Este modelo implica:<\/p>\n\n\n\n<ul class=\"wp-block-list\">\n<li>aus\u00eancia de controlo sobre o pre\u00e7o<\/li>\n\n\n\n<li>depend\u00eancia de fatores externos<\/li>\n\n\n\n<li>exposi\u00e7\u00e3o \u00e0 volatilidade do mercado<\/li>\n<\/ul>\n\n\n\n<p>Num contexto est\u00e1vel, era suficiente. No contexto atual, tornou-se uma vulnerabilidade.<\/p>\n\n\n\n<h3 class=\"wp-block-heading\">A mudan\u00e7a necess\u00e1ria: controlo energ\u00e9tico<\/h3>\n\n\n\n<p>De um modelo de consumo passivo para uma abordagem ativa e estrat\u00e9gica.<\/p>\n\n\n\n<h3 class=\"wp-block-heading\">Produ\u00e7\u00e3o pr\u00f3pria<\/h3>\n\n\n\n<p>Permite reduzir a depend\u00eancia da rede e aumentar a previsibilidade dos custos energ\u00e9ticos.<\/p>\n\n\n\n<h3 class=\"wp-block-heading\">Armazenamento energ\u00e9tico<\/h3>\n\n\n\n<p>Permite gerir quando a energia \u00e9 utilizada, reduzir picos de consumo e aumentar o controlo operacional.<\/p>\n\n\n\n<h3 class=\"wp-block-heading\">Gest\u00e3o energ\u00e9tica<\/h3>\n\n\n\n<p>Permite analisar dados em tempo real, otimizar consumos e tomar decis\u00f5es informadas.<\/p>\n\n\n\n<h3 class=\"wp-block-heading\">Energia como vari\u00e1vel estrat\u00e9gica<\/h3>\n\n\n\n<p>A energia passou a influenciar diretamente decis\u00f5es empresariais cr\u00edticas:<\/p>\n\n\n\n<ul class=\"wp-block-list\">\n<li>investimento<\/li>\n\n\n\n<li>expans\u00e3o industrial<\/li>\n\n\n\n<li>localiza\u00e7\u00e3o de opera\u00e7\u00f5es<\/li>\n\n\n\n<li>gest\u00e3o de risco<\/li>\n<\/ul>\n\n\n\n<p>Empresas que n\u00e3o controlam a sua energia est\u00e3o mais expostas. <strong>Empresas que assumem esse controlo ganham vantagem competitiva.<\/strong><\/p>\n\n\n\n<p><\/p>","protected":false},"excerpt":{"rendered":"<p>Porque as empresas j\u00e1 n\u00e3o podem depender da rede. O contexto energ\u00e9tico global mudou de forma estrutural. Altera\u00e7\u00f5es clim\u00e1ticas, instabilidade geopol\u00edtica e press\u00e3o sobre os sistemas el\u00e9tricos est\u00e3o a transformar&hellip;<\/p>","protected":false},"author":1,"featured_media":28448,"comment_status":"closed","ping_status":"closed","sticky":false,"template":"","format":"standard","meta":{"content-type":"","footnotes":""},"categories":[247,202,245],"tags":[],"class_list":["post-28447","post","type-post","status-publish","format-standard","has-post-thumbnail","hentry","category-economia","category-solar-energia","category-sustentabilidade"],"aioseo_notices":[],"_links":{"self":[{"href":"https:\/\/inoener.pt\/pt\/wp-json\/wp\/v2\/posts\/28447","targetHints":{"allow":["GET"]}}],"collection":[{"href":"https:\/\/inoener.pt\/pt\/wp-json\/wp\/v2\/posts"}],"about":[{"href":"https:\/\/inoener.pt\/pt\/wp-json\/wp\/v2\/types\/post"}],"author":[{"embeddable":true,"href":"https:\/\/inoener.pt\/pt\/wp-json\/wp\/v2\/users\/1"}],"replies":[{"embeddable":true,"href":"https:\/\/inoener.pt\/pt\/wp-json\/wp\/v2\/comments?post=28447"}],"version-history":[{"count":2,"href":"https:\/\/inoener.pt\/pt\/wp-json\/wp\/v2\/posts\/28447\/revisions"}],"predecessor-version":[{"id":28450,"href":"https:\/\/inoener.pt\/pt\/wp-json\/wp\/v2\/posts\/28447\/revisions\/28450"}],"wp:featuredmedia":[{"embeddable":true,"href":"https:\/\/inoener.pt\/pt\/wp-json\/wp\/v2\/media\/28448"}],"wp:attachment":[{"href":"https:\/\/inoener.pt\/pt\/wp-json\/wp\/v2\/media?parent=28447"}],"wp:term":[{"taxonomy":"category","embeddable":true,"href":"https:\/\/inoener.pt\/pt\/wp-json\/wp\/v2\/categories?post=28447"},{"taxonomy":"post_tag","embeddable":true,"href":"https:\/\/inoener.pt\/pt\/wp-json\/wp\/v2\/tags?post=28447"}],"curies":[{"name":"wp","href":"https:\/\/api.w.org\/{rel}","templated":true}]}}