{"id":28119,"date":"2026-01-20T17:56:47","date_gmt":"2026-01-20T17:56:47","guid":{"rendered":"https:\/\/inoener.pt\/?p=28119"},"modified":"2026-01-21T17:03:29","modified_gmt":"2026-01-21T17:03:29","slug":"antecipar-o-investimento-solar-antes-que-os-precos-aumentem","status":"publish","type":"post","link":"https:\/\/inoener.pt\/pt\/antecipar-o-investimento-solar-antes-que-os-precos-aumentem\/","title":{"rendered":"Antecipar o investimento solar antes que os pre\u00e7os aumentem"},"content":{"rendered":"<h3 class=\"wp-block-heading\">Planeamento antecipado garante previsibilidade de custos e melhor retorno<\/h3>\n\n\n\n<p>A&nbsp;<strong>China<\/strong>&nbsp;anunciou uma altera\u00e7\u00e3o relevante \u00e0 sua pol\u00edtica fiscal aplicada \u00e0 exporta\u00e7\u00e3o de equipamentos fotovoltaicos e baterias, com efeitos a partir de 2026. A medida marca o fim dos reembolsos de IVA que, durante v\u00e1rios anos, contribu\u00edram para a forte competitividade dos produtos chineses no mercado global das energias renov\u00e1veis.<\/p>\n\n\n\n<p>Sendo a China o <strong>maior produtor e exportador mundial de tecnologia solar e de armazenamento de energia<\/strong>, esta decis\u00e3o ter\u00e1 impacto direto nos pre\u00e7os internacionais, nas cadeias de fornecimento e nas estrat\u00e9gias de investimento de empresas e ind\u00fastrias, incluindo no mercado europeu e portugu\u00eas.<\/p>\n\n\n\n<h3 class=\"wp-block-heading\">O que vai mudar a partir de 2026<\/h3>\n\n\n\n<p><strong>Produtos fotovoltaicos<\/strong><br>A partir de\u00a0<strong>1 de abril de 2026<\/strong>, os reembolsos de IVA para a exporta\u00e7\u00e3o de produtos fotovoltaicos ser\u00e3o\u00a0<strong>totalmente eliminados<\/strong>.<br>Esta decis\u00e3o abrange componentes cr\u00edticos da cadeia solar, nomeadamente:<\/p>\n\n\n\n<ul class=\"wp-block-list\">\n<li>M\u00f3dulos solares<\/li>\n\n\n\n<li>C\u00e9lulas fotovoltaicas<\/li>\n\n\n\n<li>Inversores<\/li>\n<\/ul>\n\n\n\n<p><\/p>\n\n\n\n<p>Na pr\u00e1tica, deixa de existir um dos principais mecanismos fiscais que ajudava a reduzir o custo final destes equipamentos nos mercados internacionais.<\/p>\n\n\n\n<p><strong>Baterias e sistemas de armazenamento<\/strong><br>No segmento das baterias, a transi\u00e7\u00e3o ser\u00e1 faseada:<\/p>\n\n\n\n<ul class=\"wp-block-list\">\n<li>Entre\u00a0<strong>abril e dezembro de 2026<\/strong>, o reembolso de IVA ser\u00e1 reduzido de 9% para 6%<\/li>\n\n\n\n<li>A partir de\u00a0<strong>janeiro de 2027<\/strong>, o reembolso ser\u00e1 eliminado na totalidade<br><\/li>\n<\/ul>\n\n\n\n<p>Este per\u00edodo de adapta\u00e7\u00e3o visa mitigar impactos abruptos no setor, particularmente no armazenamento de energia para aplica\u00e7\u00f5es industriais e comerciais.<br><\/p>\n\n\n\n<h3 class=\"wp-block-heading\">Impacto esperado no mercado<\/h3>\n\n\n\n<p>A elimina\u00e7\u00e3o dos reembolsos fiscais dever\u00e1 refletir-se, de forma progressiva,&nbsp;<strong>no aumento do pre\u00e7o final dos equipamentos fotovoltaicos e das baterias<\/strong>. Ao perderem esta vantagem fiscal, os fabricantes chineses ver\u00e3o ajustada a sua estrutura de custos, o que poder\u00e1 ter reflexos ao longo de toda a cadeia de valor.<\/p>\n\n\n\n<p>Para o mercado europeu, este contexto poder\u00e1 traduzir-se em:<\/p>\n\n\n\n<ul class=\"wp-block-list\">\n<li>Maior press\u00e3o nos pre\u00e7os de novos projetos<\/li>\n\n\n\n<li>Refor\u00e7o da import\u00e2ncia da efici\u00eancia e do correto dimensionamento dos sistemas<\/li>\n\n\n\n<li>Valoriza\u00e7\u00e3o do planeamento energ\u00e9tico e da antecipa\u00e7\u00e3o das decis\u00f5es de investimento<br><\/li>\n<\/ul>\n\n\n\n<h3 class=\"wp-block-heading\">Porque \u00e9 importante decidir o investimento antes destas mudan\u00e7as<\/h3>\n\n\n\n<p>Para as empresas,&nbsp;<strong>adiar decis\u00f5es de investimento pode significar implementar projetos num cen\u00e1rio de custos mais elevados<\/strong>. Pelo contr\u00e1rio, avan\u00e7ar antes da entrada em vigor destas altera\u00e7\u00f5es permite:<\/p>\n\n\n\n<ul class=\"wp-block-list\">\n<li>Beneficiar de condi\u00e7\u00f5es de aquisi\u00e7\u00e3o mais competitivas<\/li>\n\n\n\n<li>Garantir maior previsibilidade financeira<\/li>\n\n\n\n<li>Melhorar o retorno do investimento (ROI)<\/li>\n\n\n\n<li>Refor\u00e7ar desde j\u00e1 a autonomia e a efici\u00eancia energ\u00e9tica<\/li>\n<\/ul>\n\n\n\n<p>Num mercado cada vez mais maduro, a competitividade deixa de depender apenas do pre\u00e7o dos equipamentos e passa a assentar na&nbsp;<strong>qualidade do projeto, na engenharia aplicada e na vis\u00e3o estrat\u00e9gica de longo prazo<\/strong>.<\/p>\n\n\n\n<h3 class=\"wp-block-heading\">Conclus\u00e3o<\/h3>\n\n\n\n<p>A decis\u00e3o da China de eliminar os reembolsos de IVA na exporta\u00e7\u00e3o solar n\u00e3o representa um trav\u00e3o \u00e0 transi\u00e7\u00e3o energ\u00e9tica, mas sim um sinal de maturidade do mercado global. <strong>Para empresas e ind\u00fastrias, este \u00e9 um momento-chave para avaliar investimentos em energia solar e armazenamento com base em planeamento, efici\u00eancia e antecipa\u00e7\u00e3o.<\/strong><\/p>\n\n\n\n<p><strong>Quem decide hoje protege-se das varia\u00e7\u00f5es de amanh\u00e3, assegurando maior controlo sobre os custos energ\u00e9ticos e refor\u00e7ando a competitividade do neg\u00f3cio num contexto econ\u00f3mico cada vez mais exigente.<\/strong><br><\/p>\n\n\n\n<figure class=\"wp-block-pullquote\"><blockquote><p>Avaliar um projeto fotovoltaico antes destas altera\u00e7\u00f5es permite \u00e0s empresas garantir previsibilidade de custos e maior retorno. Um estudo t\u00e9cnico \u00e9 o primeiro passo.<\/p><cite><a href=\"https:\/\/inoener.pt\/pt\/cotacao\/\" target=\"_blank\" rel=\"noopener\" title=\"Estudo t\u00e9cnico.\">Pe\u00e7a a sua analise t\u00e9cnica.<\/a><\/cite><\/blockquote><\/figure>\n\n\n\n<h6 class=\"wp-block-heading\">Fonte<\/h6>\n\n\n\n<ul class=\"wp-block-list\">\n<li>Made-in-China Insights \u2013\u00a0<em><a href=\"https:\/\/insights.made-in-china.com\/pt\/China-to-Adjust-Export-VAT-Rebate-Policies-for-Photovoltaic-and-Battery-Products-from-2026_hfVAkRgHunDu.html#blog_nav_1\" target=\"_blank\" rel=\"noopener\" title=\"\">China to Adjust Export VAT Rebate Policies for Photovoltaic and Battery Products from 2026<\/a><\/em><\/li>\n<\/ul>","protected":false},"excerpt":{"rendered":"<p>Planeamento antecipado garante previsibilidade de custos e melhor retorno A&nbsp;China&nbsp;anunciou uma altera\u00e7\u00e3o relevante \u00e0 sua pol\u00edtica fiscal aplicada \u00e0 exporta\u00e7\u00e3o de equipamentos fotovoltaicos e baterias, com efeitos a partir de&hellip;<\/p>","protected":false},"author":1,"featured_media":28123,"comment_status":"closed","ping_status":"open","sticky":false,"template":"","format":"standard","meta":{"content-type":"","footnotes":""},"categories":[247,180],"tags":[],"class_list":["post-28119","post","type-post","status-publish","format-standard","has-post-thumbnail","hentry","category-economia","category-energia-verde"],"aioseo_notices":[],"_links":{"self":[{"href":"https:\/\/inoener.pt\/pt\/wp-json\/wp\/v2\/posts\/28119","targetHints":{"allow":["GET"]}}],"collection":[{"href":"https:\/\/inoener.pt\/pt\/wp-json\/wp\/v2\/posts"}],"about":[{"href":"https:\/\/inoener.pt\/pt\/wp-json\/wp\/v2\/types\/post"}],"author":[{"embeddable":true,"href":"https:\/\/inoener.pt\/pt\/wp-json\/wp\/v2\/users\/1"}],"replies":[{"embeddable":true,"href":"https:\/\/inoener.pt\/pt\/wp-json\/wp\/v2\/comments?post=28119"}],"version-history":[{"count":2,"href":"https:\/\/inoener.pt\/pt\/wp-json\/wp\/v2\/posts\/28119\/revisions"}],"predecessor-version":[{"id":28122,"href":"https:\/\/inoener.pt\/pt\/wp-json\/wp\/v2\/posts\/28119\/revisions\/28122"}],"wp:featuredmedia":[{"embeddable":true,"href":"https:\/\/inoener.pt\/pt\/wp-json\/wp\/v2\/media\/28123"}],"wp:attachment":[{"href":"https:\/\/inoener.pt\/pt\/wp-json\/wp\/v2\/media?parent=28119"}],"wp:term":[{"taxonomy":"category","embeddable":true,"href":"https:\/\/inoener.pt\/pt\/wp-json\/wp\/v2\/categories?post=28119"},{"taxonomy":"post_tag","embeddable":true,"href":"https:\/\/inoener.pt\/pt\/wp-json\/wp\/v2\/tags?post=28119"}],"curies":[{"name":"wp","href":"https:\/\/api.w.org\/{rel}","templated":true}]}}