{"id":28097,"date":"2025-11-28T12:30:48","date_gmt":"2025-11-28T12:30:48","guid":{"rendered":"https:\/\/inoener.pt\/?p=28097"},"modified":"2026-03-19T17:12:07","modified_gmt":"2026-03-19T17:12:07","slug":"solar-bateria-competitividade-industrial","status":"publish","type":"post","link":"https:\/\/inoener.pt\/pt\/solar-bateria-competitividade-industrial\/","title":{"rendered":"Solar + Bateria = Competitividade Industrial"},"content":{"rendered":"<h5 class=\"wp-block-heading\"><strong>A Nova Base da Efici\u00eancia Energ\u00e9tic<\/strong>a<br><\/h5>\n\n\n\n<p>Num cen\u00e1rio empresarial cada vez mais exigente, a vari\u00e1vel \u201cenergia\u201d transformou-se num fator cr\u00edtico de competitividade.<br>Os custos el\u00e9tricos continuam a aumentar, as redes enfrentam maior press\u00e3o e as empresas procuram alternativas que lhes permitam operar com previsibilidade, autonomia e efici\u00eancia.<\/p>\n\n\n\n<p>\u00c9 aqui que a combina\u00e7\u00e3o&nbsp;<strong>solar + bateria<\/strong>&nbsp;assume um papel decisivo na ind\u00fastria.<\/p>\n\n\n\n<p>Ao integrar gera\u00e7\u00e3o fotovoltaica com armazenamento, as empresas conseguem otimizar custos, reduzir riscos operacionais e ter maior controlo sobre um dos seus maiores fatores de despesa: a energia.<\/p>\n\n\n\n<h5 class=\"wp-block-heading\"><strong>1. Redu\u00e7\u00e3o s\u00f3lida dos custos operacionais<\/strong><\/h5>\n\n\n\n<p>A energia solar reduz o consumo da rede.<br>A bateria permite que essa energia seja usada nos momentos de tarifa mais elevada.<\/p>\n\n\n\n<p>O resultado \u00e9 uma estrutura de custos energ\u00e9ticos significativamente mais eficiente e previs\u00edvel.<\/p>\n\n\n\n<p><strong>Principais impactos:<\/strong><\/p>\n\n\n\n<ul class=\"wp-block-list\">\n<li>Menor depend\u00eancia das tarifas vol\u00e1teis<\/li>\n\n\n\n<li>Redu\u00e7\u00e3o de picos tarif\u00e1rios<\/li>\n\n\n\n<li>Maior controlo financeiro<\/li>\n<\/ul>\n\n\n\n<h5 class=\"wp-block-heading\"><strong>2. Continuidade operacional garantida<\/strong><\/h5>\n\n\n\n<p>A combina\u00e7\u00e3o solar + bateria oferece prote\u00e7\u00e3o imediata contra falhas de energia.<\/p>\n\n\n\n<p>Para ind\u00fastrias com processos cont\u00ednuos, isto traduz-se em:<\/p>\n\n\n\n<ul class=\"wp-block-list\">\n<li>Menos perdas de produ\u00e7\u00e3o<\/li>\n\n\n\n<li>Menos riscos de danos em equipamentos<\/li>\n\n\n\n<li>Maior fiabilidade nas opera\u00e7\u00f5es<\/li>\n<\/ul>\n\n\n\n<p>A empresa passa a estar preparada para qualquer interrup\u00e7\u00e3o da rede.<\/p>\n\n\n\n<h5 class=\"wp-block-heading\"><strong>3. Peak Shaving: Reduzir custos escondidos<\/strong><\/h5>\n\n\n\n<p>Com baterias, a empresa evita ultrapassagens de pot\u00eancia contratada e penaliza\u00e7\u00f5es que muitas vezes passam despercebidas no or\u00e7amento.<\/p>\n\n\n\n<p><strong>A bateria responde instantaneamente<\/strong>, alimentando a instala\u00e7\u00e3o nos arranques de m\u00e1quinas e picos de carga.<\/p>\n\n\n\n<h5 class=\"wp-block-heading\"><strong>4. Otimiza\u00e7\u00e3o do autoconsumo<\/strong><\/h5>\n\n\n\n<p>O excedente solar pode ser armazenado para uso em:<\/p>\n\n\n\n<ul class=\"wp-block-list\">\n<li>turnos da noite<\/li>\n\n\n\n<li>hor\u00e1rios de maior consumo<\/li>\n\n\n\n<li>per\u00edodos de baixa produ\u00e7\u00e3o solar<\/li>\n<\/ul>\n\n\n\n<p>A energia deixa de ser desperdi\u00e7ada e passa a ser convertida em poupan\u00e7a real.<\/p>\n\n\n\n<h5 class=\"wp-block-heading\"><strong>5. Sustentabilidade como vantagem competitiva<\/strong><\/h5>\n\n\n\n<p>Al\u00e9m de poupar, a empresa reduz drasticamente:<\/p>\n\n\n\n<ul class=\"wp-block-list\">\n<li>emiss\u00f5es de CO\u2082<\/li>\n\n\n\n<li>depend\u00eancia energ\u00e9tica<\/li>\n\n\n\n<li>impacto ambiental das opera\u00e7\u00f5es<\/li>\n<\/ul>\n\n\n\n<p>Num mercado onde clientes e parceiros procuram fornecedores mais sustent\u00e1veis, esta tecnologia coloca a empresa na linha da frente.<\/p>\n\n\n\n<h4 class=\"wp-block-heading\"><br><strong>Conclus\u00e3o<\/strong><\/h4>\n\n\n\n<blockquote class=\"wp-block-quote is-layout-flow wp-block-quote-is-layout-flow\">\n<p>A integra\u00e7\u00e3o solar + bateria n\u00e3o \u00e9 apenas uma escolha energ\u00e9tica.<br>\u00c9 uma&nbsp;<strong>estrat\u00e9gia empresarial<\/strong>, que melhora a efici\u00eancia, reduz riscos e refor\u00e7a a competitividade da ind\u00fastria.<\/p>\n<\/blockquote>\n\n\n\n<p><\/p>","protected":false},"excerpt":{"rendered":"<p>A Nova Base da Efici\u00eancia Energ\u00e9tica Num cen\u00e1rio empresarial cada vez mais exigente, a vari\u00e1vel \u201cenergia\u201d transformou-se num fator cr\u00edtico de competitividade.Os custos el\u00e9tricos continuam a aumentar, as redes enfrentam&hellip;<\/p>","protected":false},"author":1,"featured_media":28099,"comment_status":"closed","ping_status":"open","sticky":false,"template":"","format":"standard","meta":{"content-type":"","footnotes":""},"categories":[246,178,202,90],"tags":[],"class_list":["post-28097","post","type-post","status-publish","format-standard","has-post-thumbnail","hentry","category-armazenamento","category-energia","category-solar-energia","category-tecnologia"],"aioseo_notices":[],"_links":{"self":[{"href":"https:\/\/inoener.pt\/pt\/wp-json\/wp\/v2\/posts\/28097","targetHints":{"allow":["GET"]}}],"collection":[{"href":"https:\/\/inoener.pt\/pt\/wp-json\/wp\/v2\/posts"}],"about":[{"href":"https:\/\/inoener.pt\/pt\/wp-json\/wp\/v2\/types\/post"}],"author":[{"embeddable":true,"href":"https:\/\/inoener.pt\/pt\/wp-json\/wp\/v2\/users\/1"}],"replies":[{"embeddable":true,"href":"https:\/\/inoener.pt\/pt\/wp-json\/wp\/v2\/comments?post=28097"}],"version-history":[{"count":1,"href":"https:\/\/inoener.pt\/pt\/wp-json\/wp\/v2\/posts\/28097\/revisions"}],"predecessor-version":[{"id":28098,"href":"https:\/\/inoener.pt\/pt\/wp-json\/wp\/v2\/posts\/28097\/revisions\/28098"}],"wp:featuredmedia":[{"embeddable":true,"href":"https:\/\/inoener.pt\/pt\/wp-json\/wp\/v2\/media\/28099"}],"wp:attachment":[{"href":"https:\/\/inoener.pt\/pt\/wp-json\/wp\/v2\/media?parent=28097"}],"wp:term":[{"taxonomy":"category","embeddable":true,"href":"https:\/\/inoener.pt\/pt\/wp-json\/wp\/v2\/categories?post=28097"},{"taxonomy":"post_tag","embeddable":true,"href":"https:\/\/inoener.pt\/pt\/wp-json\/wp\/v2\/tags?post=28097"}],"curies":[{"name":"wp","href":"https:\/\/api.w.org\/{rel}","templated":true}]}}