{"id":28077,"date":"2025-10-28T17:57:46","date_gmt":"2025-10-28T17:57:46","guid":{"rendered":"https:\/\/inoener.pt\/?p=28077"},"modified":"2025-10-30T14:34:16","modified_gmt":"2025-10-30T14:34:16","slug":"como-a-energia-solar-impulsiona-a-sustentabilidade-empresarial","status":"publish","type":"post","link":"https:\/\/inoener.pt\/pt\/como-a-energia-solar-impulsiona-a-sustentabilidade-empresarial\/","title":{"rendered":"Como a energia solar impulsiona a sustentabilidade empresarial."},"content":{"rendered":"<p>Nos \u00faltimos anos, o termo&nbsp;<strong>ESG<\/strong>&nbsp;tornou-se central nas estrat\u00e9gias das empresas que procuram crescer de forma respons\u00e1vel e sustent\u00e1vel. Muito mais do que uma tend\u00eancia, o&nbsp;<strong>cumprimento de metas ESG (Environmental, Social and Governance)<\/strong>&nbsp;\u00e9 hoje um&nbsp;<strong>fator determinante de competitividade, reputa\u00e7\u00e3o e valor de mercado<\/strong>.<\/p>\n\n\n\n<p>Mas afinal, o que significa e de que forma as solu\u00e7\u00f5es energ\u00e9ticas \u2013 como a energia solar \u2013 podem contribuir para atingir esses objetivos?<\/p>\n\n\n\n<p><strong>O que s\u00e3o metas ESG?<\/strong><\/p>\n\n\n\n<p>As metas ESG definem&nbsp;<strong>compromissos ambientais, sociais e de governan\u00e7a<\/strong>&nbsp;que orientam as empresas rumo a uma atua\u00e7\u00e3o mais sustent\u00e1vel.<br>Estas metas podem incluir desde a&nbsp;<strong>redu\u00e7\u00e3o das emiss\u00f5es de carbono<\/strong>&nbsp;at\u00e9 \u00e0&nbsp;<strong>promo\u00e7\u00e3o de igualdade de oportunidades<\/strong>ou&nbsp;<strong>garantia de transpar\u00eancia nos processos de gest\u00e3o<\/strong>.<\/p>\n\n\n\n<ul class=\"wp-block-list\">\n<li><strong>E (Environmental)<\/strong>&nbsp;\u2013 Reduzir o impacto ambiental, atrav\u00e9s da efici\u00eancia energ\u00e9tica, descarboniza\u00e7\u00e3o e uso de fontes renov\u00e1veis.<\/li>\n\n\n\n<li><strong>S (Social)<\/strong>&nbsp;\u2013 Criar valor para colaboradores, clientes e comunidades, promovendo bem-estar, seguran\u00e7a e inclus\u00e3o.<\/li>\n\n\n\n<li><strong>G (Governance)<\/strong>&nbsp;\u2013 Garantir pr\u00e1ticas de gest\u00e3o respons\u00e1veis, \u00e9ticas e transparentes.<\/li>\n<\/ul>\n\n\n\n<p><strong>&nbsp;Energia solar: um pilar essencial na dimens\u00e3o ambiental<\/strong><\/p>\n\n\n\n<p>Uma das formas mais diretas e eficazes de cumprir metas ESG \u00e9 atrav\u00e9s da&nbsp;<strong>transi\u00e7\u00e3o energ\u00e9tica<\/strong>.<br>A ado\u00e7\u00e3o de&nbsp;<strong>sistemas fotovoltaicos<\/strong>&nbsp;permite \u00e0s empresas&nbsp;<strong>reduzir significativamente as suas emiss\u00f5es de CO\u2082<\/strong>,&nbsp;<strong>diminuir custos energ\u00e9ticos<\/strong>&nbsp;e&nbsp;<strong>aumentar a sua independ\u00eancia da rede el\u00e9trica<\/strong>.<\/p>\n\n\n\n<p>Com uma instala\u00e7\u00e3o solar fotovoltaica, a empresa:<\/p>\n\n\n\n<ul class=\"wp-block-list\">\n<li>Produz&nbsp;<strong>energia limpa<\/strong>&nbsp;e renov\u00e1vel.<\/li>\n\n\n\n<li><strong>Reduz a fatura de eletricidade<\/strong>&nbsp;de forma imediata.<\/li>\n\n\n\n<li>Contribui para as&nbsp;<strong>metas nacionais e europeias de descarboniza\u00e7\u00e3o<\/strong>.<\/li>\n\n\n\n<li>Melhora a sua&nbsp;<strong>classifica\u00e7\u00e3o ESG<\/strong>&nbsp;e o seu&nbsp;<strong>relat\u00f3rio de sustentabilidade<\/strong>.<\/li>\n<\/ul>\n\n\n\n<p><strong>Baterias e gest\u00e3o energ\u00e9tica: maximizar efici\u00eancia e responsabilidade<\/strong><\/p>\n\n\n\n<p>Para al\u00e9m da produ\u00e7\u00e3o solar, a&nbsp;<strong>armazenagem de energia<\/strong>&nbsp;atrav\u00e9s de baterias e solu\u00e7\u00f5es inteligentes de gest\u00e3o permite:<\/p>\n\n\n\n<ul class=\"wp-block-list\">\n<li>Garantir&nbsp;<strong>autossufici\u00eancia energ\u00e9tica<\/strong>, mesmo em hor\u00e1rios sem produ\u00e7\u00e3o solar.<\/li>\n\n\n\n<li><strong>Evitar desperd\u00edcios<\/strong>, armazenando energia excedente.<\/li>\n\n\n\n<li>Criar sistemas de&nbsp;<strong>backup energ\u00e9tico<\/strong>&nbsp;que asseguram continuidade operacional.<\/li>\n<\/ul>\n\n\n\n<p>Estas solu\u00e7\u00f5es tecnol\u00f3gicas refor\u00e7am o compromisso ambiental e reduzem o risco operacional \u2014 aspetos valorizados nas m\u00e9tricas ESG.<\/p>\n\n\n\n<p><strong>Benef\u00edcios para a empresa e para o neg\u00f3cio<\/strong><\/p>\n\n\n\n<p>Cumprir metas ESG n\u00e3o \u00e9 apenas uma quest\u00e3o de responsabilidade ambiental, \u00e9 uma&nbsp;<strong>decis\u00e3o estrat\u00e9gica<\/strong>.<br>As empresas que investem em solu\u00e7\u00f5es sustent\u00e1veis:<\/p>\n\n\n\n<ul class=\"wp-block-list\">\n<li>Tornam-se&nbsp;<strong>mais atrativas para investidores e clientes<\/strong>;<\/li>\n\n\n\n<li><strong>Reduzem custos estruturais<\/strong>&nbsp;e aumentam a efici\u00eancia;<\/li>\n\n\n\n<li>Obt\u00eam de&nbsp;<strong>melhor reputa\u00e7\u00e3o e vantagem competitiva<\/strong>;<\/li>\n\n\n\n<li>Contribuem ativamente para o&nbsp;<strong>futuro energ\u00e9tico do pa\u00eds<\/strong>.<\/li>\n<\/ul>\n\n\n\n<p><strong>Inoener, energia que cria valor e sustentabilidade<\/strong><\/p>\n\n\n\n<p><br>A&nbsp;<strong>Inoener<\/strong>&nbsp;ajuda empresas de diferentes setores a&nbsp;<strong>atingirem as suas metas ESG<\/strong>&nbsp;atrav\u00e9s de&nbsp;<strong>solu\u00e7\u00f5es energ\u00e9ticas inovadoras e sustent\u00e1veis<\/strong>.<\/p>\n\n\n\n<p>Desde a&nbsp;<strong><a href=\"https:\/\/inoener.pt\/pt\/services\/fotovoltaico\/\" target=\"_blank\" rel=\"noopener\" title=\"an\u00e1lise energ\u00e9tica personalizada\">an\u00e1lise energ\u00e9tica personalizada<\/a><\/strong>&nbsp;at\u00e9 \u00e0&nbsp;<strong>instala\u00e7\u00e3o e monitoriza\u00e7\u00e3o de sistemas fotovoltaicos e de armazenamento<\/strong>, a Inoener assegura&nbsp;<strong>efici\u00eancia, qualidade e retorno garantido<\/strong>.<\/p>\n\n\n\n<p><br><strong>Reduza custos, valorize a sua energia e avance no cumprimento das suas metas ESG.<\/strong><br><br>Saiba mais em&nbsp;www.inoener.pt&nbsp;ou contacte-nos atrav\u00e9s de&nbsp;<strong>geral@inoener.pt<\/strong>&nbsp;\/&nbsp;<strong>912 882 898<\/strong> ou pe\u00e7a a sua <strong><a href=\"https:\/\/pro-sites.wattwin.com\/sites\/inoener\/formulario_inoener\/form.html?lng=cat#step1\" target=\"_blank\" rel=\"noopener\" title=\"an\u00e1lise t\u00e9cnica\">an\u00e1lise t\u00e9cnica<\/a><\/strong>.<\/p>\n\n\n\n<p><\/p>\n\n\n\n<p><\/p>","protected":false},"excerpt":{"rendered":"<p>Nos \u00faltimos anos, o termo&nbsp;ESG&nbsp;tornou-se central nas estrat\u00e9gias das empresas que procuram crescer de forma respons\u00e1vel e sustent\u00e1vel. Muito mais do que uma tend\u00eancia, o&nbsp;cumprimento de metas ESG (Environmental, Social&hellip;<\/p>","protected":false},"author":1,"featured_media":28086,"comment_status":"closed","ping_status":"open","sticky":false,"template":"","format":"standard","meta":{"content-type":"","footnotes":""},"categories":[180,245],"tags":[],"class_list":["post-28077","post","type-post","status-publish","format-standard","has-post-thumbnail","hentry","category-energia-verde","category-sustentabilidade"],"aioseo_notices":[],"_links":{"self":[{"href":"https:\/\/inoener.pt\/pt\/wp-json\/wp\/v2\/posts\/28077","targetHints":{"allow":["GET"]}}],"collection":[{"href":"https:\/\/inoener.pt\/pt\/wp-json\/wp\/v2\/posts"}],"about":[{"href":"https:\/\/inoener.pt\/pt\/wp-json\/wp\/v2\/types\/post"}],"author":[{"embeddable":true,"href":"https:\/\/inoener.pt\/pt\/wp-json\/wp\/v2\/users\/1"}],"replies":[{"embeddable":true,"href":"https:\/\/inoener.pt\/pt\/wp-json\/wp\/v2\/comments?post=28077"}],"version-history":[{"count":3,"href":"https:\/\/inoener.pt\/pt\/wp-json\/wp\/v2\/posts\/28077\/revisions"}],"predecessor-version":[{"id":28084,"href":"https:\/\/inoener.pt\/pt\/wp-json\/wp\/v2\/posts\/28077\/revisions\/28084"}],"wp:featuredmedia":[{"embeddable":true,"href":"https:\/\/inoener.pt\/pt\/wp-json\/wp\/v2\/media\/28086"}],"wp:attachment":[{"href":"https:\/\/inoener.pt\/pt\/wp-json\/wp\/v2\/media?parent=28077"}],"wp:term":[{"taxonomy":"category","embeddable":true,"href":"https:\/\/inoener.pt\/pt\/wp-json\/wp\/v2\/categories?post=28077"},{"taxonomy":"post_tag","embeddable":true,"href":"https:\/\/inoener.pt\/pt\/wp-json\/wp\/v2\/tags?post=28077"}],"curies":[{"name":"wp","href":"https:\/\/api.w.org\/{rel}","templated":true}]}}